{"id":1181,"date":"2021-01-12T14:26:13","date_gmt":"2021-01-12T13:26:13","guid":{"rendered":"https:\/\/www.inklusives-goettingen.de\/?p=1181"},"modified":"2021-12-21T15:13:48","modified_gmt":"2021-12-21T14:13:48","slug":"infos-corona-impfung","status":"publish","type":"post","link":"https:\/\/www.inklusives-goettingen.de\/index.php\/2021\/01\/12\/infos-corona-impfung\/","title":{"rendered":"Infos Corona-Impfung"},"content":{"rendered":"\n<p><\/p>\n\n\n\n<p>Die Beh\u00f6rden apellieren an Personen, die bislang ungeimpft sind sowie Personen, deren Erst- und Zweitimpfung l\u00e4nger als 3 Monate zur\u00fcckliegt, sich m\u00f6glichst umgehend mit einer Erst- oder Auffrischungsimpfung impfen zu lassen. Seit dem 13.12.2021 ist auch Impfstoff f\u00fcr 5-13j\u00e4hrige Kinder zugelassen und verf\u00fcgbar. <\/p>\n\n\n\n<p>Noch ein paar Tipps. Bitte kl\u00e4ren Sie, welcher Impfstoff voraussichtlich verwendet wird &#8211; der Imfpstoff von Moderna ist grunds\u00e4tzlich nur ab 30 Jahren zugelassen! Und bedenken Sie, dass manche Impfteams aktuell nur &#8222;boostern&#8220; k\u00f6nnen, da Erst- und Zweitimpfungen nur in einem klaren zeitlichen Abstand voneinander erfolgen k\u00f6nnen, die nicht \u00fcberall organisatorisch eingerichtet werden k\u00f6nnen. Sprechen Sie ggfs. im Vorfeld mit dem Impfteam dar\u00fcber.<\/p>\n\n\n\n<p>Sie ben\u00f6tigen in der Regel  zur Impfung folgende Unterlagen:<\/p>\n\n\n\n<ul class=\"wp-block-list\"><li>Personalausweis<\/li><li>Krankenkassenkarte<\/li><li>Ihren Impfnachweis\/Impfausweis<\/li><li>den ausgef\u00fcllten Anamnesebogen<a href=\"https:\/\/www.shk-goe.de\/site\/assets\/files\/1191\/einwilligung-de.pdf\"> (Anamnesebogen<\/a><a href=\"https:\/\/www.uni-goettingen.de\/de\/653336.html\">) <\/a><\/li><li><a href=\"https:\/\/www.shk-goe.de\/site\/assets\/files\/1191\/aufklaerungsbogen-de.pdf\">die ausgef\u00fcllte Einwilligungserkl\u00e4rung mRNA-Impfstoffe (BioNTech\/Pfizer und Moderna)<\/a><\/li><\/ul>\n\n\n\n<p><\/p>\n\n\n\n<p><strong>Wenn Sie eine Impfung ben\u00f6tigen, k\u00f6nnen sich an Ihren Hausarzt wenden oder sich einen Termin auf dem Impfportal geben lassen. Die Registrierung ( kann man hier vornehmen: <a href=\"https:\/\/www.impfportal-niedersachsen.de\/portal\/#\/appointment\/public\">https:\/\/www.impfportal-niedersachsen.de\/portal\/#\/appointment\/public<\/a><\/strong> <\/p>\n\n\n\n<p>oder unter <strong>0800 99 88 665<\/strong><\/p>\n\n\n\n<p><a href=\"https:\/\/www.inklusives-goettingen.de\/index.php\/2021\/05\/21\/impf-und-testinfos-in-anderen-sprachen\/\">Informationen  und Infos zum Testen und zur Impfung in anderen Sprachen gibt es hier<\/a><\/p>\n\n\n\n<p><a href=\"https:\/\/www.goettingen.de\/aktuelles\/zusaetzliche-impftermine-im-impfstuetzpunkt-siekhoehe-2021-12-01.html\" data-type=\"URL\" data-id=\"https:\/\/www.goettingen.de\/aktuelles\/zusaetzliche-impftermine-im-impfstuetzpunkt-siekhoehe-2021-12-01.html\">Die Stadt G\u00f6ttingen informiert \u00fcber \u00d6ffnungszeiten und Sondertermine im Impfst\u00fctzpunkt Siekh\u00f6he<\/a> und T<a href=\"https:\/\/www.goettingen.de\/aktuelles\/vier-zusaetzliche-mobile-impfteams-am-start-2021-12-09.html\" data-type=\"URL\" data-id=\"https:\/\/www.goettingen.de\/aktuelles\/vier-zusaetzliche-mobile-impfteams-am-start-2021-12-09.html\">ermine der Mobilen Impfteams im Landkreis<\/a><\/p>\n\n\n\n<p>Weitere Hinweise zur Impfung unter <a href=\"https:\/\/www.niedersachsen.de\/Coronavirus\/hinweise-zur-corona-schutz-impfung-195357.html\">https:\/\/www.niedersachsen.de\/Coronavirus\/hinweise-zur-corona-schutz-impfung-195357.html<\/a><\/p>\n\n\n\n<p>\u00c4rtze vom Klinikum N\u00fcrnberg beantworten in Videos die aus medizinischer Sicht<a href=\"https:\/\/life.klinikum-nuernberg.de\/2021\/05\/experten-beantworten-die-10-wichtigsten.html\"> 10 wichtige Fragen zur Impfung<\/a><\/p>\n\n\n\n<hr class=\"wp-block-separator is-style-wide\"\/>\n\n\n\n<hr class=\"wp-block-separator is-style-wide\"\/>\n\n\n\n<p>Landesweites Impftelefon &#8211; Infos und Anmeldung von Impfterminen &#8211; die Vergabe von Terminen f\u00fcr Impfungen folgt nach Zugeh\u00f6rigkeit zu definierten Risikogruppen- s. auch <a href=\"https:\/\/www.niedersachsen.de\/Coronavirus\/antworten_auf_haufig_gestellte_fragen_faq\/faq-impfung-195559.html\">https:\/\/www.niedersachsen.de\/Coronavirus\/antworten_auf_haufig_gestellte_fragen_faq\/faq-impfung-195559.html<\/a>): <strong>0800 99 88 665<\/strong><\/p>\n\n\n\n<hr class=\"wp-block-separator is-style-wide\"\/>\n\n\n\n<p><a href=\"https:\/\/www.bundesregierung.de\/breg-de\/themen\/coronavirus\/coronavirus-impfung-faq-1788988\">Informationen der Bundesregierung zu Corona-Impfungen (nationale Impfstrategie, zugelassene Impfstoffe, Hotlines etc.)<\/a><\/p>\n\n\n\n<hr class=\"wp-block-separator is-style-wide\"\/>\n\n\n\n<p><a href=\"https:\/\/esri-de.maps.arcgis.com\/apps\/opsdashboard\/index.html#\/842c18bce081442db3081037774254f4\">Tagesaktuelle \u00dcbersicht des Impffortschritts, Verzeichnis der Impfzentren<\/a><\/p>\n\n\n\n<hr class=\"wp-block-separator is-style-wide\"\/>\n\n\n\n<p><\/p>\n\n\n\n<hr class=\"wp-block-separator is-style-wide\"\/>\n\n\n\n<p><a href=\"https:\/\/www.lebenshilfe.de\/corona-impfung-leichte-sprache\/\">Infos zur Impfung in Leichter Sprache (Autor: Lebenshilfe)<\/a><\/p>\n\n\n\n<p><\/p>\n","protected":false},"excerpt":{"rendered":"<p>Die Beh\u00f6rden apellieren an Personen, die bislang ungeimpft sind sowie Personen, deren Erst- und Zweitimpfung l\u00e4nger als 3 Monate zur\u00fcckliegt, sich m\u00f6glichst umgehend mit einer Erst- oder Auffrischungsimpfung impfen zu lassen. Seit dem 13.12.2021 ist auch Impfstoff f\u00fcr 5-13j\u00e4hrige Kinder zugelassen und verf\u00fcgbar. Noch ein paar Tipps. Bitte kl\u00e4ren Sie, welcher Impfstoff voraussichtlich verwendet wird [&hellip;]<\/p>\n","protected":false},"author":2,"featured_media":0,"comment_status":"closed","ping_status":"closed","sticky":false,"template":"","format":"standard","meta":{"footnotes":""},"categories":[1],"tags":[],"class_list":["post-1181","post","type-post","status-publish","format-standard","hentry","category-allgemein"],"_links":{"self":[{"href":"https:\/\/www.inklusives-goettingen.de\/index.php\/wp-json\/wp\/v2\/posts\/1181","targetHints":{"allow":["GET"]}}],"collection":[{"href":"https:\/\/www.inklusives-goettingen.de\/index.php\/wp-json\/wp\/v2\/posts"}],"about":[{"href":"https:\/\/www.inklusives-goettingen.de\/index.php\/wp-json\/wp\/v2\/types\/post"}],"author":[{"embeddable":true,"href":"https:\/\/www.inklusives-goettingen.de\/index.php\/wp-json\/wp\/v2\/users\/2"}],"replies":[{"embeddable":true,"href":"https:\/\/www.inklusives-goettingen.de\/index.php\/wp-json\/wp\/v2\/comments?post=1181"}],"version-history":[{"count":37,"href":"https:\/\/www.inklusives-goettingen.de\/index.php\/wp-json\/wp\/v2\/posts\/1181\/revisions"}],"predecessor-version":[{"id":1465,"href":"https:\/\/www.inklusives-goettingen.de\/index.php\/wp-json\/wp\/v2\/posts\/1181\/revisions\/1465"}],"wp:attachment":[{"href":"https:\/\/www.inklusives-goettingen.de\/index.php\/wp-json\/wp\/v2\/media?parent=1181"}],"wp:term":[{"taxonomy":"category","embeddable":true,"href":"https:\/\/www.inklusives-goettingen.de\/index.php\/wp-json\/wp\/v2\/categories?post=1181"},{"taxonomy":"post_tag","embeddable":true,"href":"https:\/\/www.inklusives-goettingen.de\/index.php\/wp-json\/wp\/v2\/tags?post=1181"}],"curies":[{"name":"wp","href":"https:\/\/api.w.org\/{rel}","templated":true}]}}