{"id":1479,"date":"2022-03-30T11:43:53","date_gmt":"2022-03-30T09:43:53","guid":{"rendered":"https:\/\/www.inklusives-goettingen.de\/?p=1479"},"modified":"2023-04-20T16:27:55","modified_gmt":"2023-04-20T14:27:55","slug":"aktionstag-5-5","status":"publish","type":"post","link":"https:\/\/www.inklusives-goettingen.de\/index.php\/2022\/03\/30\/aktionstag-5-5\/","title":{"rendered":"Markt der (Teilhabe)-M\u00f6glichkeiten in OHA am 5.5.2023"},"content":{"rendered":"\n<p>Auch wenn die Bundesrepublik Deutschland die UN-Behindertenrechtskonvention bereits 2009 ratifiziert hat, ist es zu einer gleichberechtigten Teilhabe von Menschen mit Behinderungen noch ein langer Weg. Dieses gesellschaftliche Ziel k\u00f6nnen wir am besten gemeinsam erreichen.<\/p>\n\n\n\n<p>Daher laden wir alle ein, gemeinsam mit uns am 05. Mai 2023  den &#8222;Europ\u00e4ischen Protesttag f\u00fcr die Gleichstellung von Menschen mit Behinderungen&#8220; zu begehen.<\/p>\n\n\n\n<p>Konkret m\u00f6chten wir am Freitag, dem 05. Mai 2023, zwischen 11 und 14 Uhr einen bunten <strong>&#8222;Markt der (Teilhabe)M\u00f6glichkeiten&#8220;<\/strong> mit St\u00e4nden von Leistungsanbietern, Kostentr\u00e4gern, Vereinen, (Selbsthilfe-)Gruppen und anderen Institutionen veranstalten, die sich die F\u00f6rderung der gleichberechtigten Teilhabe auf die Fahnen geschrieben haben.<\/p>\n\n\n\n<p>Dazu ist ein <strong>buntes Begleitprogramm<\/strong> geplant, u.a. wird Sanit\u00e4tshaus Sturm Aktiv einen Rollstuhlparcours aufbauen, die Wartbergschule m\u00f6chte ihre tiergest\u00fctzte P\u00e4dagogik vorstellen und das G\u00f6ttinger Unternehmen my.worx gew\u00e4hrt Einblicke in ihre Eingangsdiagnostik f\u00fcr Werkstattbesch\u00e4ftigte. Auch kleinere Speisen und Getr\u00e4nke werden angeboten.<\/p>\n\n\n\n<p>Begleitend werden auf der B\u00fchne Redebeitr\u00e4ge stattfinden. Nach Gru\u00dfworten durch <strong>Landrat Marcel Riethig und B\u00fcrgermeister Jens Augat<\/strong> haben wir Menschen mit Behinderungen zu Gast, die \u00fcber ihre Erfahrungen zur beruflichen Teilhabe berichten. Wir sind gespannt, was sie zu sagen haben.<\/p>\n\n\n\n<p><\/p>\n\n\n\n<p><a href=\"https:\/\/www.inklusives-goettingen.de\/wp-content\/uploads\/2023\/04\/belegungMarktfinal.png\" data-type=\"URL\" data-id=\"https:\/\/www.inklusives-goettingen.de\/wp-content\/uploads\/2023\/04\/belegungMarktfinal.png\">Eine \u00dcbersicht \u00fcber alle St\u00e4nde auf dem &#8222;Markt der (Teilhabe-)M\u00f6glichkeiten erh\u00e4lst du, wenn du auf diesen Text klickst.<\/a><\/p>\n\n\n\n<p><\/p>\n\n\n\n<p>In diesem Sinne: Wir sehen uns hoffentlich!<\/p>\n\n\n\n<p><\/p>\n\n\n\n<p><strong>Du m\u00f6chtest gern mit dabei sein, wei\u00dft aber nicht, wie du nach Osterode kommst? Dann nutze unseren kostenfreien rolligerechten Bus-Shuttle!<\/strong><\/p>\n\n\n\n<p><strong>G\u00f6ttingen \u2013 Osterode im rollstuhlgerechten Reisebus \u2013 Achtung: Anmeldung unter 0551\/5473312<\/strong><\/p>\n\n\n\n<figure class=\"wp-block-table\"><table><tbody><tr><td>Hinfahrt (Haltestelle)<\/td><td>Abfahrtszeit<\/td><td>R\u00fcckfahrt (Haltestelle)<\/td><td>Abfahrtszeit<\/td><\/tr><tr><td>G\u00f6ttingen, Bahnhof<\/td><td>9:15<\/td><td>Osterode, Mitte\/Stadthalle<\/td><td>14:45<\/td><\/tr><tr><td>G\u00f6ttingen, Ellieh\u00e4user Weg G\u00d6WE<\/td><td>9:25<\/td><td>Herzberg, Schloss\/West<\/td><td>15:00 <\/td><\/tr><tr><td>Eberg\u00f6tzen, Bus-Bhf. Seeburger Str.<\/td><td>9:45<\/td><td>Eberg\u00f6tzen, Bus-Bhf. Seeburger Str.<\/td><td>15:25<\/td><\/tr><tr><td>Herzberg, Schloss\/Ost<\/td><td>10:10<\/td><td>G\u00f6ttingen, Ellieh\u00e4user Weg G\u00d6WE<\/td><td>15:45 <\/td><\/tr><tr><td>Osterode, Rotem\u00fchlenweg HWW<\/td><td>10:25<\/td><td>G\u00f6ttingen, Bahnhof<\/td><td>15:55<\/td><\/tr><\/tbody><\/table><\/figure>\n\n\n\n<p> <\/p>\n\n\n\n<p><strong>Duderstadt \u2013 Osterode in rollstuhlgerechten Minivans \u2013 Achtung: Anmeldung unter 05527 \/ 9881-0<\/strong><\/p>\n\n\n\n<figure class=\"wp-block-table\"><table><tbody><tr><td>Hinfahrt (Haltestelle)<\/td><td>Abfahrtszeit<\/td><td>R\u00fcckfahrt (Haltestelle)<\/td><td>Abfahrtszeit<\/td><\/tr><tr><td>Duderstadt, Kutschenberg<\/td><td>9:40<\/td><td>Osterode, Mitte\/Stadthalle<\/td><td>14:45<\/td><\/tr><tr><td>Duderstadt, ZOB<\/td><td>9:50<\/td><td>Schwiegershausen, Molkereistr.<\/td><td>15:00 <\/td><\/tr><tr><td>Gieboldehausen, Hahlestr.<\/td><td>10:05<\/td><td>Wulften, &#8222;Anger&#8220;<\/td><td>15:05<\/td><\/tr><tr><td>Wulften, &#8222;Anger&#8220;<\/td><td>10:15<\/td><td>Gieboldehausen, Hahlestr.<\/td><td>15:15 <\/td><\/tr><tr><td>Schwiegershausen, Molkereistr.<\/td><td>10:20<\/td><td>Duderstadt, ZOB<\/td><td>15:30<\/td><\/tr><tr><td>Osterode, Rotem\u00fchlenweg HWW<\/td><td>10:35<\/td><td>Duderstadt, Kutschenberg<\/td><td>15:40<\/td><\/tr><\/tbody><\/table><\/figure>\n\n\n\n<p><\/p>\n\n\n\n<p><\/p>\n\n\n\n<hr class=\"wp-block-separator has-alpha-channel-opacity\"\/>\n\n\n\n<div data-wp-interactive=\"core\/file\" class=\"wp-block-file\"><object data-wp-bind--hidden=\"!state.hasPdfPreview\" hidden class=\"wp-block-file__embed\" data=\"https:\/\/www.inklusives-goettingen.de\/wp-content\/uploads\/2023\/03\/Inklusion_Flyer_A5_170323_zur_Ansicht.pdf\" type=\"application\/pdf\" style=\"width:100%;height:600px\" aria-label=\"Einbettung von Inklusion_Flyer_A5_170323_zur_Ansicht.\"><\/object><a id=\"wp-block-file--media-5b5b2fd0-1a94-4368-8f8a-875b37194d00\" href=\"https:\/\/www.inklusives-goettingen.de\/wp-content\/uploads\/2023\/03\/Inklusion_Flyer_A5_170323_zur_Ansicht.pdf\">Inklusion_Flyer_A5_170323_zur_Ansicht<\/a><a href=\"https:\/\/www.inklusives-goettingen.de\/wp-content\/uploads\/2023\/03\/Inklusion_Flyer_A5_170323_zur_Ansicht.pdf\" class=\"wp-block-file__button wp-element-button\" download aria-describedby=\"wp-block-file--media-5b5b2fd0-1a94-4368-8f8a-875b37194d00\">Herunterladen<\/a><\/div>\n\n\n\n<p> <\/p>\n","protected":false},"excerpt":{"rendered":"<p>Auch wenn die Bundesrepublik Deutschland die UN-Behindertenrechtskonvention bereits 2009 ratifiziert hat, ist es zu einer gleichberechtigten Teilhabe von Menschen mit Behinderungen noch ein langer Weg. Dieses gesellschaftliche Ziel k\u00f6nnen wir am besten gemeinsam erreichen. Daher laden wir alle ein, gemeinsam mit uns am 05. Mai 2023 den &#8222;Europ\u00e4ischen Protesttag f\u00fcr die Gleichstellung von Menschen mit [&hellip;]<\/p>\n","protected":false},"author":2,"featured_media":0,"comment_status":"closed","ping_status":"closed","sticky":false,"template":"","format":"standard","meta":{"footnotes":""},"categories":[1],"tags":[],"class_list":["post-1479","post","type-post","status-publish","format-standard","hentry","category-allgemein"],"_links":{"self":[{"href":"https:\/\/www.inklusives-goettingen.de\/index.php\/wp-json\/wp\/v2\/posts\/1479","targetHints":{"allow":["GET"]}}],"collection":[{"href":"https:\/\/www.inklusives-goettingen.de\/index.php\/wp-json\/wp\/v2\/posts"}],"about":[{"href":"https:\/\/www.inklusives-goettingen.de\/index.php\/wp-json\/wp\/v2\/types\/post"}],"author":[{"embeddable":true,"href":"https:\/\/www.inklusives-goettingen.de\/index.php\/wp-json\/wp\/v2\/users\/2"}],"replies":[{"embeddable":true,"href":"https:\/\/www.inklusives-goettingen.de\/index.php\/wp-json\/wp\/v2\/comments?post=1479"}],"version-history":[{"count":19,"href":"https:\/\/www.inklusives-goettingen.de\/index.php\/wp-json\/wp\/v2\/posts\/1479\/revisions"}],"predecessor-version":[{"id":1577,"href":"https:\/\/www.inklusives-goettingen.de\/index.php\/wp-json\/wp\/v2\/posts\/1479\/revisions\/1577"}],"wp:attachment":[{"href":"https:\/\/www.inklusives-goettingen.de\/index.php\/wp-json\/wp\/v2\/media?parent=1479"}],"wp:term":[{"taxonomy":"category","embeddable":true,"href":"https:\/\/www.inklusives-goettingen.de\/index.php\/wp-json\/wp\/v2\/categories?post=1479"},{"taxonomy":"post_tag","embeddable":true,"href":"https:\/\/www.inklusives-goettingen.de\/index.php\/wp-json\/wp\/v2\/tags?post=1479"}],"curies":[{"name":"wp","href":"https:\/\/api.w.org\/{rel}","templated":true}]}}