{"id":1582,"date":"2024-04-15T15:08:48","date_gmt":"2024-04-15T13:08:48","guid":{"rendered":"https:\/\/www.inklusives-goettingen.de\/?p=1582"},"modified":"2024-04-30T09:26:37","modified_gmt":"2024-04-30T07:26:37","slug":"markt-der-teilhabe-moeglichkeiten-das-programm-und-die-staende","status":"publish","type":"post","link":"https:\/\/www.inklusives-goettingen.de\/index.php\/2024\/04\/15\/markt-der-teilhabe-moeglichkeiten-das-programm-und-die-staende\/","title":{"rendered":"Markt der (Teilhabe-)M\u00f6glichkeiten: Das Programm und die St\u00e4nde"},"content":{"rendered":"\n<p>Stand 09.04.24<\/p>\n\n\n\n<figure class=\"wp-block-table\"><table><tbody><tr><td>Zeit<\/td><td>Thema<\/td><td>G\u00e4ste \/ Vortragende<\/td><\/tr><tr><td>14:00 \u2013 14:30<\/td><td>Demonstrationszug f\u00fcr die Gleichstellung von Menschen mit Behinderungen vom Neuen Rathaus zum Bahnhofsplatz<\/td><td>Alle Interessierten<\/td><\/tr><tr><td>14:30<\/td><td>Er\u00f6ffnung Markt der (Teilhabe-)M\u00f6glichkeiten: Line-Dance Performance G\u00d6WE, gewidmet der Special Olympics-Delegation S\u00fcdafrika, zur Erinnerung an die Special Olympics Hosttown G\u00f6ttingen 2023<\/td><td>Line Dance Gruppe G\u00d6WE unter Nutzung einer Special Olympics Fahne der GOESF<\/td><\/tr><tr><td>14:35 -14:45<\/td><td>Gru\u00dfworte der Kommunalpolitischen Vertreter<\/td><td>Petra Broistedt Oberb\u00fcrgermeisterin Stadt G\u00d6, <br>Marcel Riethig, Landrat Landkreis G\u00d6 <\/td><\/tr><tr><td>14:45 &#8211; 15:05<\/td><td>Gru\u00dfworte \/ \u00dcberblick zum neuen \u201eAktionsplan Inklusion\u201c des Landes Niedersachsen<\/td><td>Annetraud Grote, Nieders. Landesbeauftragte f\u00fcr Menschen mit Behinderungen<\/td><\/tr><tr><td>15:05 \u2013 15:10<\/td><td>Mitmach- Performance der Line Dance Gruppe G\u00d6WE<\/td><td>Line Dance Gruppe G\u00d6WE<\/td><\/tr><tr><td>15:10 \u2013 15:25<\/td><td>Sport und Inklusion Teil 1: Sport und Inklusion Teil 1: Die Special Olympics Bewegung in Niedersachsen \/ Junge Sportler*innen berichten ihre Erfahrungen von Wettk\u00e4mpfen<\/td><td>Oliver Senger \/ Vizepr\u00e4sident Special Olympics NDS <br>Sch\u00fcler*innen der Tannenbergschule, die an Wettbewerben teilnehmen <\/td><\/tr><tr><td>15:25 \u2013 15:30<\/td><td>Trommelgruppe<\/td><td>Ibs Sallah<\/td><\/tr><tr><td>15:30 \u2013 15:40<\/td><td>Sport und Inklusion Teil 2: Die Dtsch. Blinden-Nationalmannschaft stellt sich vor \/ Im Anschluss: Schnupperangebot Blindenfu\u00dfball auf der Aktionsfl\u00e4che<\/td><td>Freundeskreis Dtsch Blinden-fu\u00dfball-Nationalmannschaft <\/td><\/tr><tr><td>15:40 \u2013 15:45<\/td><td>Trommelgruppe<\/td><td>Ibs Sallah<\/td><\/tr><tr><td>15:45 \u2013 16:15h<\/td><td>Gespr\u00e4chsrunde Menschen mit Behinderungen: wo stehen wir? Wir f\u00fchle ich mich als Mensch mit Behinderungen in unserer Gesellschaft? Eine Bilanz zur Umsetzung der UN-BRK<\/td><td>Sarah K\u00f6rber (Werkstattrat G\u00d6WE) <br>Linus M\u00fcthing (Behinderten-Beauftragter Landkreis G\u00d6)<br>Manuel Dees, (Besch\u00e4ftigter der Harz-Weser-Werke)<\/td><\/tr><tr><td>16:15 -16:25<\/td><td>Trommelgruppe<\/td><td>&nbsp;<\/td><\/tr><\/tbody><\/table><\/figure>\n\n\n\n<figure class=\"wp-block-image size-large\"><img loading=\"lazy\" decoding=\"async\" width=\"802\" height=\"1024\" src=\"https:\/\/www.inklusives-goettingen.de\/wp-content\/uploads\/2024\/04\/Bahnhofbelegungfinal-802x1024.png\" alt=\"\" class=\"wp-image-1622\" srcset=\"https:\/\/www.inklusives-goettingen.de\/wp-content\/uploads\/2024\/04\/Bahnhofbelegungfinal-802x1024.png 802w, https:\/\/www.inklusives-goettingen.de\/wp-content\/uploads\/2024\/04\/Bahnhofbelegungfinal-235x300.png 235w, https:\/\/www.inklusives-goettingen.de\/wp-content\/uploads\/2024\/04\/Bahnhofbelegungfinal-768x981.png 768w, https:\/\/www.inklusives-goettingen.de\/wp-content\/uploads\/2024\/04\/Bahnhofbelegungfinal-1203x1536.png 1203w, https:\/\/www.inklusives-goettingen.de\/wp-content\/uploads\/2024\/04\/Bahnhofbelegungfinal-1604x2048.png 1604w\" sizes=\"auto, (max-width: 802px) 100vw, 802px\" \/><\/figure>\n","protected":false},"excerpt":{"rendered":"<p>Stand 09.04.24 Zeit Thema G\u00e4ste \/ Vortragende 14:00 \u2013 14:30 Demonstrationszug f\u00fcr die Gleichstellung von Menschen mit Behinderungen vom Neuen Rathaus zum Bahnhofsplatz Alle Interessierten 14:30 Er\u00f6ffnung Markt der (Teilhabe-)M\u00f6glichkeiten: Line-Dance Performance G\u00d6WE, gewidmet der Special Olympics-Delegation S\u00fcdafrika, zur Erinnerung an die Special Olympics Hosttown G\u00f6ttingen 2023 Line Dance Gruppe G\u00d6WE unter Nutzung einer Special [&hellip;]<\/p>\n","protected":false},"author":2,"featured_media":0,"comment_status":"closed","ping_status":"closed","sticky":false,"template":"","format":"standard","meta":{"footnotes":""},"categories":[1],"tags":[],"class_list":["post-1582","post","type-post","status-publish","format-standard","hentry","category-allgemein"],"_links":{"self":[{"href":"https:\/\/www.inklusives-goettingen.de\/index.php\/wp-json\/wp\/v2\/posts\/1582","targetHints":{"allow":["GET"]}}],"collection":[{"href":"https:\/\/www.inklusives-goettingen.de\/index.php\/wp-json\/wp\/v2\/posts"}],"about":[{"href":"https:\/\/www.inklusives-goettingen.de\/index.php\/wp-json\/wp\/v2\/types\/post"}],"author":[{"embeddable":true,"href":"https:\/\/www.inklusives-goettingen.de\/index.php\/wp-json\/wp\/v2\/users\/2"}],"replies":[{"embeddable":true,"href":"https:\/\/www.inklusives-goettingen.de\/index.php\/wp-json\/wp\/v2\/comments?post=1582"}],"version-history":[{"count":12,"href":"https:\/\/www.inklusives-goettingen.de\/index.php\/wp-json\/wp\/v2\/posts\/1582\/revisions"}],"predecessor-version":[{"id":1625,"href":"https:\/\/www.inklusives-goettingen.de\/index.php\/wp-json\/wp\/v2\/posts\/1582\/revisions\/1625"}],"wp:attachment":[{"href":"https:\/\/www.inklusives-goettingen.de\/index.php\/wp-json\/wp\/v2\/media?parent=1582"}],"wp:term":[{"taxonomy":"category","embeddable":true,"href":"https:\/\/www.inklusives-goettingen.de\/index.php\/wp-json\/wp\/v2\/categories?post=1582"},{"taxonomy":"post_tag","embeddable":true,"href":"https:\/\/www.inklusives-goettingen.de\/index.php\/wp-json\/wp\/v2\/tags?post=1582"}],"curies":[{"name":"wp","href":"https:\/\/api.w.org\/{rel}","templated":true}]}}