{"id":1718,"date":"2026-04-27T11:47:47","date_gmt":"2026-04-27T09:47:47","guid":{"rendered":"https:\/\/www.inklusives-goettingen.de\/?p=1718"},"modified":"2026-04-27T11:51:18","modified_gmt":"2026-04-27T09:51:18","slug":"teilhabe-ist-menschenrecht-kuerzungen-verhindern","status":"publish","type":"post","link":"https:\/\/www.inklusives-goettingen.de\/index.php\/2026\/04\/27\/teilhabe-ist-menschenrecht-kuerzungen-verhindern\/","title":{"rendered":"Teilhabe ist Menschenrecht &#8211; K\u00fcrzungen verhindern!"},"content":{"rendered":"\n<p>Aktuell plant die Bundesregierung massive K\u00fcrzungen an der Teilhabe von Menschen mit Behinderungen. <\/p>\n\n\n\n<p>Beim Protesttag am 6. Mai 2026 in Duderstadt wollen wir dagegen protestieren. Aber jeder von uns kann noch mehr tun. Hier findest Du verschiedene M\u00f6glichkeiten, Deine Stimme gegen diese Sparpolitik zu erheben.<\/p>\n\n\n\n<h2 class=\"wp-block-heading\"><strong>Worum geht es?<\/strong><\/h2>\n\n\n\n<p>Im April hat der Parit\u00e4tische Wohlfahrtsverband das Papier einer Arbeitsgruppe der Bundesregierung  ver\u00f6ffentlicht, das eigentlich geheim bleiben sollte. Darin finden sich viele \u00dcberlegungen, um Geld auf Kosten von Menschen mit Behinderungen zu sparen. <\/p>\n\n\n\n<p>Hilfen f\u00fcr Menschen mit Behinderungen kosten Kommunen &#8211; also St\u00e4dte und Gemeinden &#8211; viel Geld. Damit die Kommunen weniger Schulden machen, m\u00f6chte man viele der Hilfen nun abschaffen oder so umbauen, dass sie nicht so teuer sind. Das bedeutet viele Nachteile f\u00fcr Menschen mit Behinderungen. <\/p>\n\n\n\n<p>Vor allem die Einzelfallhilfe, bei der Menschen mit Behinderungen ganz individuell Unterst\u00fctzungs erhalten, wird kristisiert. Wer eine 24-Stunden-Hilfe hat, wer eine pers\u00f6nliche Schulbegleitung hat oder eine &#8222;Qualifizierte Assistenz&#8220; (Ambulant betreutes Wohnen), k\u00f6nnte diese nach den Pl\u00e4nen der Regierung verlieren. Oder: ein Helfer, der fr\u00fcher ausschlie\u00dflich f\u00fcr einen Betroffenen da war, soll nun eine granze Gruppe von Betroffenen unterst\u00fctzen. Das ist zwar billiger, aber der Nachteil liegt auf der Hand. Oft kann der Helfende so nicht mehr genau auf die Bed\u00fcrfnisse einzelnen Menschen eingehen und er hat auch weniger Zeit f\u00fcr den einzelnen. <\/p>\n\n\n\n<p><a href=\"https:\/\/www.der-paritaetische.de\/fileadmin\/user_upload\/Publikationen\/doc\/paritaetischer_drohender-kahlschlag-2026.pdf\">Die Ver\u00f6ffentlichung des Parit\u00e4tischen findest du hier <\/a><\/p>\n\n\n\n<p><\/p>\n\n\n\n<h2 class=\"wp-block-heading\">Was kann man tun?<\/h2>\n\n\n\n<p><\/p>\n\n\n\n<p>Aktuell gibt es eine gro\u00dfe Petition &#8211; also eine digitale Unterschriftensammlung &#8211; um der Politik zu zeigen, dass wir nicht einverstanden mit den Sparpl\u00e4nen sind. Wenn viele unterschreiben, l\u00e4sst sich das Vorhaben verhindern oder zumindest abmildern. Diese Petition erfordert eine Registrierung, das ist aber keine gro\u00dfe Sache. Zur Petition gelangst du \u00fcber den Link:<\/p>\n\n\n\n<p><a href=\"https:\/\/epetitionen.bundestag.de\/petitionen\/_2026\/_02\/_27\/Petition_195716.nc.html\">https:\/\/epetitionen.bundestag.de\/petitionen\/_2026\/_02\/_27\/Petition_195716.nc.html<\/a><\/p>\n\n\n\n<p><\/p>\n\n\n\n<p>Der Bundesverband Selbsthilfe K\u00f6rperbwehinderter hat zudem eine Unterschriftensammlung gestartet. Einfach das PDF ausdrucken und Unterschriften sammeln. Ausgef\u00fcllte Listen k\u00f6nnt ihr zum Bundesverband sendne 8Adresse auf dem PDF) oder beim Markt der (Teilhabe-)M\u00f6glichkeiten am 6.Mai 2026 in Duderstadt am Stand der Selbsthilfe K\u00f6rperbehinderter G\u00f6ttingen  (Stand 14) abgeben.<\/p>\n\n\n\n<div data-wp-interactive=\"core\/file\" class=\"wp-block-file\"><object data-wp-bind--hidden=\"!state.hasPdfPreview\" hidden class=\"wp-block-file__embed\" data=\"https:\/\/www.inklusives-goettingen.de\/wp-content\/uploads\/2026\/04\/2026-03-31_Unterschriftenliste_Haendeweg-von-der-Eingliederungshilfe_05.-Mai-2026_Druckversion.pdf\" type=\"application\/pdf\" style=\"width:100%;height:600px\" aria-label=\"Einbettung von 2026-03-31_Unterschriftenliste_H\u00e4ndeweg von der Eingliederungshilfe_05. Mai 2026_Druckversion.\"><\/object><a id=\"wp-block-file--media-f82e7a55-9a05-4e6e-ab5c-ad1499e884fa\" href=\"https:\/\/www.inklusives-goettingen.de\/wp-content\/uploads\/2026\/04\/2026-03-31_Unterschriftenliste_Haendeweg-von-der-Eingliederungshilfe_05.-Mai-2026_Druckversion.pdf\">2026-03-31_Unterschriftenliste_H\u00e4ndeweg von der Eingliederungshilfe_05. Mai 2026_Druckversion<\/a><a href=\"https:\/\/www.inklusives-goettingen.de\/wp-content\/uploads\/2026\/04\/2026-03-31_Unterschriftenliste_Haendeweg-von-der-Eingliederungshilfe_05.-Mai-2026_Druckversion.pdf\" class=\"wp-block-file__button wp-element-button\" download aria-describedby=\"wp-block-file--media-f82e7a55-9a05-4e6e-ab5c-ad1499e884fa\">Herunterladen<\/a><\/div>\n","protected":false},"excerpt":{"rendered":"<p>Aktuell plant die Bundesregierung massive K\u00fcrzungen an der Teilhabe von Menschen mit Behinderungen. Beim Protesttag am 6. Mai 2026 in Duderstadt wollen wir dagegen protestieren. Aber jeder von uns kann noch mehr tun. Hier findest Du verschiedene M\u00f6glichkeiten, Deine Stimme gegen diese Sparpolitik zu erheben. Worum geht es? Im April hat der Parit\u00e4tische Wohlfahrtsverband das [&hellip;]<\/p>\n","protected":false},"author":2,"featured_media":0,"comment_status":"closed","ping_status":"closed","sticky":false,"template":"","format":"standard","meta":{"footnotes":""},"categories":[1],"tags":[],"class_list":["post-1718","post","type-post","status-publish","format-standard","hentry","category-allgemein"],"_links":{"self":[{"href":"https:\/\/www.inklusives-goettingen.de\/index.php\/wp-json\/wp\/v2\/posts\/1718","targetHints":{"allow":["GET"]}}],"collection":[{"href":"https:\/\/www.inklusives-goettingen.de\/index.php\/wp-json\/wp\/v2\/posts"}],"about":[{"href":"https:\/\/www.inklusives-goettingen.de\/index.php\/wp-json\/wp\/v2\/types\/post"}],"author":[{"embeddable":true,"href":"https:\/\/www.inklusives-goettingen.de\/index.php\/wp-json\/wp\/v2\/users\/2"}],"replies":[{"embeddable":true,"href":"https:\/\/www.inklusives-goettingen.de\/index.php\/wp-json\/wp\/v2\/comments?post=1718"}],"version-history":[{"count":3,"href":"https:\/\/www.inklusives-goettingen.de\/index.php\/wp-json\/wp\/v2\/posts\/1718\/revisions"}],"predecessor-version":[{"id":1723,"href":"https:\/\/www.inklusives-goettingen.de\/index.php\/wp-json\/wp\/v2\/posts\/1718\/revisions\/1723"}],"wp:attachment":[{"href":"https:\/\/www.inklusives-goettingen.de\/index.php\/wp-json\/wp\/v2\/media?parent=1718"}],"wp:term":[{"taxonomy":"category","embeddable":true,"href":"https:\/\/www.inklusives-goettingen.de\/index.php\/wp-json\/wp\/v2\/categories?post=1718"},{"taxonomy":"post_tag","embeddable":true,"href":"https:\/\/www.inklusives-goettingen.de\/index.php\/wp-json\/wp\/v2\/tags?post=1718"}],"curies":[{"name":"wp","href":"https:\/\/api.w.org\/{rel}","templated":true}]}}